{"id":3106,"date":"2025-12-13T18:53:10","date_gmt":"2025-12-13T17:53:10","guid":{"rendered":"https:\/\/anneplanz.de\/wp\/?p=3106"},"modified":"2025-12-13T18:53:10","modified_gmt":"2025-12-13T17:53:10","slug":"gestationsdiabetes-und-depressive-symptome-im-wochenbett","status":"publish","type":"post","link":"https:\/\/anneplanz.de\/wp\/gestationsdiabetes-und-depressive-symptome-im-wochenbett\/","title":{"rendered":"Gestationsdiabetes und depressive Symptome im Wochenbett"},"content":{"rendered":"\t\t<div data-elementor-type=\"wp-post\" data-elementor-id=\"3106\" class=\"elementor elementor-3106\" data-elementor-post-type=\"post\">\n\t\t\t\t<div class=\"elementor-element elementor-element-b922a4c e-con-full e-flex e-con e-parent\" data-id=\"b922a4c\" data-element_type=\"container\" data-e-type=\"container\">\n\t\t\t\t<div class=\"elementor-element elementor-element-c2f2bfa elementor-widget elementor-widget-heading\" data-id=\"c2f2bfa\" data-element_type=\"widget\" data-e-type=\"widget\" data-widget_type=\"heading.default\">\n\t\t\t\t<div class=\"elementor-widget-container\">\n\t\t\t\t\t<h2 class=\"elementor-heading-title elementor-size-default\">Neue Erkenntnisse f\u00fcr eine ganzheitliche Betreuung von Frauen mit GDM<\/h2>\t\t\t\t<\/div>\n\t\t\t\t<\/div>\n\t\t\t\t<div class=\"elementor-element elementor-element-6f3829e elementor-widget elementor-widget-heading\" data-id=\"6f3829e\" data-element_type=\"widget\" data-e-type=\"widget\" data-widget_type=\"heading.default\">\n\t\t\t\t<div class=\"elementor-widget-container\">\n\t\t\t\t\t<h2 class=\"elementor-heading-title elementor-size-default\">Neue Erkenntnisse \u2013 und warum deine Gef\u00fchle dabei genauso wichtig sind wie jeder Blutzuckerwert<\/h2>\t\t\t\t<\/div>\n\t\t\t\t<\/div>\n\t\t\t\t<div class=\"elementor-element elementor-element-34608e3 elementor-widget elementor-widget-text-editor\" data-id=\"34608e3\" data-element_type=\"widget\" data-e-type=\"widget\" data-widget_type=\"text-editor.default\">\n\t\t\t\t<div class=\"elementor-widget-container\">\n\t\t\t\t\t\t\t\t\t<p><em>Manchmal erz\u00e4hlen mir Frauen, dass sie sich von einem einzigen Begriff aus der Bahn geworfen f\u00fchlen: Gestationsdiabetes. Nicht, weil sie die Ern\u00e4hrung umstellen m\u00fcssen oder h\u00e4ufiger zur Kontrolle gehen. Sondern, weil sie pl\u00f6tzlich das Gef\u00fchl haben, ihr K\u00f6rper spiele nicht mehr mit. F\u00fcr viele beginnt damit eine Phase, in der der eigene Stoffwechsel die Stimmung st\u00e4rker beeinflusst, als sie es je erwartet h\u00e4tten \u2013 ein Thema, das in der Diskussion um <strong>peripartale mentale Gesundheit<\/strong> zunehmend Gewicht bekommt.<\/em><\/p><p><em>In den vergangenen Jahren hat sich gezeigt: Genau hier entsteht ein Bereich, den wir in der Versorgung lange untersch\u00e4tzt haben. <strong>Frauen mit Gestationsdiabetes haben ein deutlich h\u00f6heres Risiko, depressive Symptome zu entwickeln \u2013 sowohl w\u00e4hrend der Schwangerschaft als auch im Wochenbett.<\/strong> Diese Verbindung zwischen <strong>Schwangerschaftsdiabetes und psychischen Folgen<\/strong> ist medizinisch wie psychosozial bedeutsam und verdient mehr Aufmerksamkeit im klinischen Alltag.<\/em><\/p>\t\t\t\t\t\t\t\t<\/div>\n\t\t\t\t<\/div>\n\t\t\t\t<div class=\"elementor-element elementor-element-a5a61a3 elementor-widget elementor-widget-heading\" data-id=\"a5a61a3\" data-element_type=\"widget\" data-e-type=\"widget\" data-widget_type=\"heading.default\">\n\t\t\t\t<div class=\"elementor-widget-container\">\n\t\t\t\t\t<h3 class=\"elementor-heading-title elementor-size-default\">1. Was Studien deutlich zeigen<\/h3>\t\t\t\t<\/div>\n\t\t\t\t<\/div>\n\t\t\t\t<div class=\"elementor-element elementor-element-f74617f elementor-widget elementor-widget-text-editor\" data-id=\"f74617f\" data-element_type=\"widget\" data-e-type=\"widget\" data-widget_type=\"text-editor.default\">\n\t\t\t\t<div class=\"elementor-widget-container\">\n\t\t\t\t\t\t\t\t\t<p>Mehrere internationale \u00dcbersichtsarbeiten \u2013 darunter die vielzitierte Metaanalyse von Wilson et al. (2020) \u2013 kommen zu einem \u00fcbereinstimmenden Ergebnis:<br \/><strong>Gestationsdiabetes erh\u00f6ht das Risiko f\u00fcr depressive Symptome peripartal signifikant.<\/strong><\/p><p><a href=\"https:\/\/www.sciencedirect.com\/article\/pii\/S0022395622001376\" target=\"_blank\" rel=\"noopener\">https:\/\/www.sciencedirect.com\/article\/pii\/S0022395622001376<\/a>\u00a0<\/p><p>Auch fr\u00fchere klinische Untersuchungen wie die Pilotstudie von Lindahl et al. (2012) zeigen, dass Frauen mit GDM <strong>mehr depressive Symptome, h\u00f6heres Stresserleben und weniger wahrgenommene Unterst\u00fctzung<\/strong> berichten. F\u00fcr die Versorgung bedeutet das: Der Zusammenhang zwischen <strong>Gestationsdiabetes und Depression<\/strong> ist evidenzbasiert und klinisch relevant.<\/p><p><a href=\"https:\/\/pubmed.ncbi.nlm.nih.gov\/22838106\/?utm_source=chatgpt.com\">https:\/\/pubmed.ncbi.nlm.nih.gov\/22838106\/<\/a><\/p><p>Die AWMF-S3-Leitlinie zum Gestationsdiabetes weist inzwischen ausdr\u00fccklich darauf hin, emotionale Belastungen mitzuerfassen:<\/p><p><a href=\"https:\/\/www.awmf.org\/leitlinien\/detail\/ll\/057-008.html\">https:\/\/www.awmf.org\/leitlinien\/detail\/ll\/057-008.html<\/a><\/p><p><a href=\"https:\/\/register.awmf.org\/de\/leitlinien\/detail\/057-008\">https:\/\/register.awmf.org\/de\/leitlinien\/detail\/057-008<\/a><\/p><p>Damit ist klar: GDM ist nicht nur eine metabolische Diagnose, sondern ein <strong>biopsychosozialer Risikofaktor<\/strong>, der die <strong>mentale Gesundheit nach der Geburt<\/strong> ma\u00dfgeblich beeinflussen kann.<\/p>\t\t\t\t\t\t\t\t<\/div>\n\t\t\t\t<\/div>\n\t\t\t\t<div class=\"elementor-element elementor-element-e6dec10 elementor-widget elementor-widget-heading\" data-id=\"e6dec10\" data-element_type=\"widget\" data-e-type=\"widget\" data-widget_type=\"heading.default\">\n\t\t\t\t<div class=\"elementor-widget-container\">\n\t\t\t\t\t<h3 class=\"elementor-heading-title elementor-size-default\">2. Medizinisch plausible Mechanismen \u2013 warum GDM die Stimmung beeinflusst<\/h3>\t\t\t\t<\/div>\n\t\t\t\t<\/div>\n\t\t\t\t<div class=\"elementor-element elementor-element-a3e2fd0 elementor-widget elementor-widget-text-editor\" data-id=\"a3e2fd0\" data-element_type=\"widget\" data-e-type=\"widget\" data-widget_type=\"text-editor.default\">\n\t\t\t\t<div class=\"elementor-widget-container\">\n\t\t\t\t\t\t\t\t\t<p>Dass Frauen mit GDM h\u00e4ufiger depressive Symptome entwickeln, l\u00e4sst sich nicht allein durch \u201epsychische Belastung\u201c erkl\u00e4ren. Biologische Prozesse spielen eine wichtige Rolle und unterstreichen die Bedeutung einer <strong>ganzheitlichen Betreuung von Frauen mit Gestationsdiabetes<\/strong>.<\/p><p><strong>Insulinresistenz &amp; neuroendokrine Ver\u00e4nderungen<\/strong><\/p><p>GDM ist gepr\u00e4gt von Insulinresistenz und St\u00f6rungen der Glukosehom\u00f6ostase. Diese Ver\u00e4nderungen betreffen hormonelle Systeme, die auch bei depressiven Erkrankungen beteiligt sind \u2013 ein Hinweis darauf, wie eng <strong>peripartale mentale Gesundheit<\/strong> und Stoffwechselprozesse verkn\u00fcpft sein k\u00f6nnen.<\/p><p>Bai et al. (2019) zeigen, dass Frauen mit GDM erh\u00f6hte Entz\u00fcndungsmarker und ver\u00e4nderte Hormonprofile aufweisen \u2013 beides Faktoren, die depressive Symptomatik verst\u00e4rken k\u00f6nnen.<\/p><p><a href=\"https:\/\/pmc.ncbi.nlm.nih.gov\/articles\/PMC7327519\/\">https:\/\/pmc.ncbi.nlm.nih.gov\/articles\/PMC7327519\/<\/a><\/p><p><strong>Entz\u00fcndungsprozesse<\/strong><\/p><p>H\u00f6here Level von IL-6 und TNF-\u03b1 gelten als unabh\u00e4ngige Risikofaktoren f\u00fcr affektive St\u00f6rungen und treten bei Frauen mit GDM h\u00e4ufiger auf.<\/p><p><strong>Dysregulation der HPA-Achse<\/strong><\/p><p>Die Stressachse reagiert sensibel auf metabolische Ver\u00e4nderungen. Eine dysregulierte HPA-Achse kann Stimmungsschwankungen, erh\u00f6hte Stressreaktionen und <strong>depressive Symptome im Wochenbett<\/strong> beg\u00fcnstigen.<\/p>\t\t\t\t\t\t\t\t<\/div>\n\t\t\t\t<\/div>\n\t\t\t\t<div class=\"elementor-element elementor-element-2abb9b7 elementor-widget elementor-widget-heading\" data-id=\"2abb9b7\" data-element_type=\"widget\" data-e-type=\"widget\" data-widget_type=\"heading.default\">\n\t\t\t\t<div class=\"elementor-widget-container\">\n\t\t\t\t\t<h3 class=\"elementor-heading-title elementor-size-default\">3. Psychosoziale Belastungen \u2013 das, was Frauen im Alltag wirklich sp\u00fcren<\/h3>\t\t\t\t<\/div>\n\t\t\t\t<\/div>\n\t\t\t\t<div class=\"elementor-element elementor-element-2925a7a elementor-widget elementor-widget-text-editor\" data-id=\"2925a7a\" data-element_type=\"widget\" data-e-type=\"widget\" data-widget_type=\"text-editor.default\">\n\t\t\t\t<div class=\"elementor-widget-container\">\n\t\t\t\t\t\t\t\t\t<p>Neben den biologischen Prozessen berichten viele Frauen \u00fcber \u00e4hnliche Erfahrungen:<\/p><ul><li>hoher Selbstmanagementdruck<\/li><li>Verlust von K\u00f6rpervertrauen<\/li><li>Sorgen um das Kind<\/li><li>innere Anspannung durch engmaschige Kontrollen<\/li><li>Schuldgef\u00fchle<\/li><\/ul><p>Dieses Zusammenspiel verst\u00e4rkt die <strong>Vulnerabilit\u00e4t f\u00fcr depressive Symptome im Wochenbett<\/strong> \u2013 besonders im sensiblen \u00dcbergang von der Schwangerschaft in die fr\u00fche Mutterschaft.<\/p>\t\t\t\t\t\t\t\t<\/div>\n\t\t\t\t<\/div>\n\t\t\t\t<div class=\"elementor-element elementor-element-bcfbd39 elementor-widget elementor-widget-heading\" data-id=\"bcfbd39\" data-element_type=\"widget\" data-e-type=\"widget\" data-widget_type=\"heading.default\">\n\t\t\t\t<div class=\"elementor-widget-container\">\n\t\t\t\t\t<h3 class=\"elementor-heading-title elementor-size-default\">4. Was Fachpersonal daraus ableiten kann<\/h3>\t\t\t\t<\/div>\n\t\t\t\t<\/div>\n\t\t\t\t<div class=\"elementor-element elementor-element-65a2fd2 elementor-widget elementor-widget-text-editor\" data-id=\"65a2fd2\" data-element_type=\"widget\" data-e-type=\"widget\" data-widget_type=\"text-editor.default\">\n\t\t\t\t<div class=\"elementor-widget-container\">\n\t\t\t\t\t\t\t\t\t<p><strong>Fr\u00fches Screening lohnt sich<\/strong><\/p><p>Ein kurzes emotionales Screening (z. B. EPDS) hilft, Anzeichen einer sich entwickelnden <strong>Wochenbettdepression<\/strong> fr\u00fch zu erkennen \u2013 besonders wichtig bei Frauen mit GDM.<\/p><p><strong>Psychoedukation als Entlastung<\/strong><\/p><p>Schon ein kurzer Hinweis kann helfen:<\/p><ul><li>GDM ist <strong>multifaktoriell<\/strong>,<\/li><li>emotionale Reaktionen sind <strong>biologisch nachvollziehbar<\/strong>,<\/li><li>und niemand tr\u00e4gt \u201eSchuld\u201c.<\/li><\/ul><p>Solche Botschaften reduzieren nachweislich depressive Symptome und st\u00e4rken das K\u00f6rpervertrauen.<\/p><p><strong>Interdisziplin\u00e4re Zusammenarbeit st\u00e4rkt die Versorgung<\/strong><\/p><p>Gyn\u00e4kologie, Diabetologie, Hebammenwesen und psychosoziale Begleitung erg\u00e4nzen sich ideal, um das Risiko f\u00fcr <strong>peripartale mentale Belastungen<\/strong> zu senken.<\/p><p><strong>K\u00f6rperfokussierte Stabilisierung<\/strong><\/p><p>Somatische \u00dcbungen, Atemfokus oder kurze Regulationstechniken helfen, Stress abzubauen und die emotionale Balance zu st\u00e4rken \u2013 eine wichtige Ressource f\u00fcr Frauen, die mit <strong>Schwangerschaftsdiabetes und psychischen Folgen<\/strong> konfrontiert sind.<\/p><p><strong>Wochenbett besonders aufmerksam begleiten<\/strong><\/p><p>Der \u00dcbergang nach der Geburt ist f\u00fcr Frauen mit GDM besonders herausfordernd. Eine engmaschige Nachsorge mindert das Risiko f\u00fcr depressive Symptome und unterst\u00fctzt die <strong>mentale Gesundheit nach der Geburt<\/strong>.<\/p>\t\t\t\t\t\t\t\t<\/div>\n\t\t\t\t<\/div>\n\t\t\t\t<div class=\"elementor-element elementor-element-81bc617 elementor-widget elementor-widget-heading\" data-id=\"81bc617\" data-element_type=\"widget\" data-e-type=\"widget\" data-widget_type=\"heading.default\">\n\t\t\t\t<div class=\"elementor-widget-container\">\n\t\t\t\t\t<h3 class=\"elementor-heading-title elementor-size-default\">5. Eine systemisch-hypnosystemische Perspektive \u2013 was sie f\u00fcr die Praxis bedeutet<\/h3>\t\t\t\t<\/div>\n\t\t\t\t<\/div>\n\t\t\t\t<div class=\"elementor-element elementor-element-faac590 elementor-widget elementor-widget-text-editor\" data-id=\"faac590\" data-element_type=\"widget\" data-e-type=\"widget\" data-widget_type=\"text-editor.default\">\n\t\t\t\t<div class=\"elementor-widget-container\">\n\t\t\t\t\t\t\t\t\t<p>Gestationsdiabetes ist kein rein medizinisches Ereignis, sondern ein Zusammenspiel aus k\u00f6rperlichen, emotionalen und sozialen Faktoren.<br \/>Aus dieser Sicht wird deutlich:<\/p><ul><li>Stress beeinflusst Stoffwechselprozesse.<\/li><li>K\u00f6rperliche Ver\u00e4nderungen beeinflussen das emotionale Erleben.<\/li><li>Das Umfeld verst\u00e4rkt oder mildert Belastungen.<\/li><\/ul><p>Eine ganzheitliche Perspektive unterst\u00fctzt die <strong>Betreuung von Frauen mit Gestationsdiabetes<\/strong> und f\u00f6rdert Stabilit\u00e4t und Selbstwirksamkeit \u2013 zwei zentrale Faktoren im Schutz vor peripartalen Depressionen.<\/p>\t\t\t\t\t\t\t\t<\/div>\n\t\t\t\t<\/div>\n\t\t\t\t<div class=\"elementor-element elementor-element-add268e elementor-widget elementor-widget-heading\" data-id=\"add268e\" data-element_type=\"widget\" data-e-type=\"widget\" data-widget_type=\"heading.default\">\n\t\t\t\t<div class=\"elementor-widget-container\">\n\t\t\t\t\t<h3 class=\"elementor-heading-title elementor-size-default\">6. Fazit<\/h3>\t\t\t\t<\/div>\n\t\t\t\t<\/div>\n\t\t\t\t<div class=\"elementor-element elementor-element-5dcfaa2 elementor-widget elementor-widget-text-editor\" data-id=\"5dcfaa2\" data-element_type=\"widget\" data-e-type=\"widget\" data-widget_type=\"text-editor.default\">\n\t\t\t\t<div class=\"elementor-widget-container\">\n\t\t\t\t\t\t\t\t\t<p>Gestationsdiabetes ist weit mehr als eine Blutzuckerdiagnose.<br \/>Er kann emotionale Belastungen ausl\u00f6sen oder verst\u00e4rken und damit das Risiko f\u00fcr depressive Symptome erh\u00f6hen. Besonders betroffen ist das Wochenbett \u2013 ein ohnehin sensibler Abschnitt.<\/p><p>Frauen mit GDM profitieren besonders von:<\/p><ul><li>fr\u00fchem Screening,<\/li><li>klarer und entlastender Kommunikation,<\/li><li>interdisziplin\u00e4rer Zusammenarbeit,<\/li><li>k\u00f6rperfokussierter Stabilisierung,<\/li><li>und achtsamer Begleitung im Wochenbett.<\/li><\/ul><p>Der Blick auf die <strong>mentale Gesundheit von M\u00fcttern<\/strong> ist dabei kein Zusatz, sondern ein essenzieller Bestandteil peripartaler Versorgung.<\/p>\t\t\t\t\t\t\t\t<\/div>\n\t\t\t\t<\/div>\n\t\t\t\t<\/div>\n\t\t<div class=\"elementor-element elementor-element-55e54db e-flex e-con-boxed e-con e-parent\" data-id=\"55e54db\" data-element_type=\"container\" data-e-type=\"container\">\n\t\t\t\t\t<div class=\"e-con-inner\">\n\t\t\t\t\t<\/div>\n\t\t\t\t<\/div>\n\t\t\t\t<\/div>\n\t\t","protected":false},"excerpt":{"rendered":"<p>Aktuelle Evidenz zu Gestationsdiabetes und depressiven Symptomen: Was Gyn\u00e4kolog:innen und Hebammen f\u00fcr eine sichere, ganzheitliche peripartale Begleitung brauchen.<\/p>\n","protected":false},"author":3,"featured_media":3102,"comment_status":"open","ping_status":"open","sticky":false,"template":"","format":"standard","meta":{"footnotes":""},"categories":[289,16],"tags":[288,281,287,284,140,285,286],"class_list":["post-3106","post","type-post","status-publish","format-standard","has-post-thumbnail","hentry","category-fachinformationen","category-wochenbettdepression","tag-betreuung-von-frauen-mit-gestationsdiabetes","tag-depressive-symptome-im-wochenbett","tag-gdm-und-wochenbettdepression","tag-gestationsdiabetes-und-depression","tag-mentale-gesundheit-nach-der-geburt","tag-peripartale-mentale-gesundheit","tag-schwangerschaftsdiabetes-psychische-folgen"],"yoast_head":"<!-- This site is optimized with the Yoast SEO plugin v27.5 - https:\/\/yoast.com\/product\/yoast-seo-wordpress\/ -->\n<title>Gestationsdiabetes und depressive Symptome im Wochenbett - anneplanz.de<\/title>\n<meta name=\"description\" content=\"Erfahre, was Gestationsdiabetes emotional ausl\u00f6sen kann \u2013 und wie du Schwangerschaft und Wochenbett mit mehr Ruhe, Verst\u00e4ndnis und Unterst\u00fctzung erlebst.\" \/>\n<meta name=\"robots\" content=\"index, follow, max-snippet:-1, max-image-preview:large, max-video-preview:-1\" \/>\n<link rel=\"canonical\" href=\"https:\/\/anneplanz.de\/wp\/gestationsdiabetes-und-depressive-symptome-im-wochenbett\/\" \/>\n<meta property=\"og:locale\" content=\"de_DE\" \/>\n<meta property=\"og:type\" content=\"article\" \/>\n<meta property=\"og:title\" content=\"Gestationsdiabetes und depressive Symptome im Wochenbett - anneplanz.de\" \/>\n<meta property=\"og:description\" content=\"Erfahre, was Gestationsdiabetes emotional ausl\u00f6sen kann \u2013 und wie du Schwangerschaft und Wochenbett mit mehr Ruhe, Verst\u00e4ndnis und Unterst\u00fctzung erlebst.\" \/>\n<meta property=\"og:url\" content=\"https:\/\/anneplanz.de\/wp\/gestationsdiabetes-und-depressive-symptome-im-wochenbett\/\" \/>\n<meta property=\"og:site_name\" content=\"anneplanz.de\" \/>\n<meta property=\"article:published_time\" content=\"2025-12-13T17:53:10+00:00\" \/>\n<meta property=\"og:image\" content=\"https:\/\/anneplanz.de\/wp\/wp-content\/uploads\/2025\/12\/gestationsdiabetes-wochenbett-fachbeitrag-anne-planz-beratung-1.jpg\" \/>\n\t<meta property=\"og:image:width\" content=\"900\" \/>\n\t<meta property=\"og:image:height\" content=\"602\" \/>\n\t<meta property=\"og:image:type\" content=\"image\/jpeg\" \/>\n<meta name=\"author\" content=\"Anne Planz\" \/>\n<meta name=\"twitter:card\" content=\"summary_large_image\" \/>\n<meta name=\"twitter:label1\" content=\"Verfasst von\" \/>\n\t<meta name=\"twitter:data1\" content=\"Anne Planz\" \/>\n\t<meta name=\"twitter:label2\" content=\"Gesch\u00e4tzte Lesezeit\" \/>\n\t<meta name=\"twitter:data2\" content=\"5\u00a0Minuten\" \/>\n<script type=\"application\/ld+json\" class=\"yoast-schema-graph\">{\"@context\":\"https:\\\/\\\/schema.org\",\"@graph\":[{\"@type\":\"Article\",\"@id\":\"https:\\\/\\\/anneplanz.de\\\/wp\\\/gestationsdiabetes-und-depressive-symptome-im-wochenbett\\\/#article\",\"isPartOf\":{\"@id\":\"https:\\\/\\\/anneplanz.de\\\/wp\\\/gestationsdiabetes-und-depressive-symptome-im-wochenbett\\\/\"},\"author\":{\"name\":\"Anne Planz\",\"@id\":\"https:\\\/\\\/anneplanz.de\\\/wp\\\/#\\\/schema\\\/person\\\/3ea67ab7c10517f2cc613fed1624c898\"},\"headline\":\"Gestationsdiabetes und depressive Symptome im Wochenbett\",\"datePublished\":\"2025-12-13T17:53:10+00:00\",\"mainEntityOfPage\":{\"@id\":\"https:\\\/\\\/anneplanz.de\\\/wp\\\/gestationsdiabetes-und-depressive-symptome-im-wochenbett\\\/\"},\"wordCount\":883,\"commentCount\":0,\"publisher\":{\"@id\":\"https:\\\/\\\/anneplanz.de\\\/wp\\\/#organization\"},\"image\":{\"@id\":\"https:\\\/\\\/anneplanz.de\\\/wp\\\/gestationsdiabetes-und-depressive-symptome-im-wochenbett\\\/#primaryimage\"},\"thumbnailUrl\":\"https:\\\/\\\/anneplanz.de\\\/wp\\\/wp-content\\\/uploads\\\/2025\\\/12\\\/gestationsdiabetes-wochenbett-fachbeitrag-anne-planz-beratung-1.jpg\",\"keywords\":[\"Betreuung von Frauen mit Gestationsdiabetes\",\"depressive Symptome im Wochenbett\",\"GDM und Wochenbettdepression\",\"Gestationsdiabetes und Depression\",\"Mentale Gesundheit nach der Geburt\",\"peripartale mentale Gesundheit\",\"Schwangerschaftsdiabetes psychische Folgen\"],\"articleSection\":[\"Fachinformationen\",\"Wochenbettdepression\"],\"inLanguage\":\"de\",\"potentialAction\":[{\"@type\":\"CommentAction\",\"name\":\"Comment\",\"target\":[\"https:\\\/\\\/anneplanz.de\\\/wp\\\/gestationsdiabetes-und-depressive-symptome-im-wochenbett\\\/#respond\"]}]},{\"@type\":\"WebPage\",\"@id\":\"https:\\\/\\\/anneplanz.de\\\/wp\\\/gestationsdiabetes-und-depressive-symptome-im-wochenbett\\\/\",\"url\":\"https:\\\/\\\/anneplanz.de\\\/wp\\\/gestationsdiabetes-und-depressive-symptome-im-wochenbett\\\/\",\"name\":\"Gestationsdiabetes und depressive Symptome im Wochenbett - anneplanz.de\",\"isPartOf\":{\"@id\":\"https:\\\/\\\/anneplanz.de\\\/wp\\\/#website\"},\"primaryImageOfPage\":{\"@id\":\"https:\\\/\\\/anneplanz.de\\\/wp\\\/gestationsdiabetes-und-depressive-symptome-im-wochenbett\\\/#primaryimage\"},\"image\":{\"@id\":\"https:\\\/\\\/anneplanz.de\\\/wp\\\/gestationsdiabetes-und-depressive-symptome-im-wochenbett\\\/#primaryimage\"},\"thumbnailUrl\":\"https:\\\/\\\/anneplanz.de\\\/wp\\\/wp-content\\\/uploads\\\/2025\\\/12\\\/gestationsdiabetes-wochenbett-fachbeitrag-anne-planz-beratung-1.jpg\",\"datePublished\":\"2025-12-13T17:53:10+00:00\",\"description\":\"Erfahre, was Gestationsdiabetes emotional ausl\u00f6sen kann \u2013 und wie du Schwangerschaft und Wochenbett mit mehr Ruhe, Verst\u00e4ndnis und Unterst\u00fctzung erlebst.\",\"breadcrumb\":{\"@id\":\"https:\\\/\\\/anneplanz.de\\\/wp\\\/gestationsdiabetes-und-depressive-symptome-im-wochenbett\\\/#breadcrumb\"},\"inLanguage\":\"de\",\"potentialAction\":[{\"@type\":\"ReadAction\",\"target\":[\"https:\\\/\\\/anneplanz.de\\\/wp\\\/gestationsdiabetes-und-depressive-symptome-im-wochenbett\\\/\"]}]},{\"@type\":\"ImageObject\",\"inLanguage\":\"de\",\"@id\":\"https:\\\/\\\/anneplanz.de\\\/wp\\\/gestationsdiabetes-und-depressive-symptome-im-wochenbett\\\/#primaryimage\",\"url\":\"https:\\\/\\\/anneplanz.de\\\/wp\\\/wp-content\\\/uploads\\\/2025\\\/12\\\/gestationsdiabetes-wochenbett-fachbeitrag-anne-planz-beratung-1.jpg\",\"contentUrl\":\"https:\\\/\\\/anneplanz.de\\\/wp\\\/wp-content\\\/uploads\\\/2025\\\/12\\\/gestationsdiabetes-wochenbett-fachbeitrag-anne-planz-beratung-1.jpg\",\"width\":900,\"height\":602},{\"@type\":\"BreadcrumbList\",\"@id\":\"https:\\\/\\\/anneplanz.de\\\/wp\\\/gestationsdiabetes-und-depressive-symptome-im-wochenbett\\\/#breadcrumb\",\"itemListElement\":[{\"@type\":\"ListItem\",\"position\":1,\"name\":\"Startseite\",\"item\":\"https:\\\/\\\/anneplanz.de\\\/wp\\\/\"},{\"@type\":\"ListItem\",\"position\":2,\"name\":\"Gestationsdiabetes und depressive Symptome im Wochenbett\"}]},{\"@type\":\"WebSite\",\"@id\":\"https:\\\/\\\/anneplanz.de\\\/wp\\\/#website\",\"url\":\"https:\\\/\\\/anneplanz.de\\\/wp\\\/\",\"name\":\"anneplanz.de\",\"description\":\"Beratung bei traumatischer Geburt und Krisen\",\"publisher\":{\"@id\":\"https:\\\/\\\/anneplanz.de\\\/wp\\\/#organization\"},\"potentialAction\":[{\"@type\":\"SearchAction\",\"target\":{\"@type\":\"EntryPoint\",\"urlTemplate\":\"https:\\\/\\\/anneplanz.de\\\/wp\\\/?s={search_term_string}\"},\"query-input\":{\"@type\":\"PropertyValueSpecification\",\"valueRequired\":true,\"valueName\":\"search_term_string\"}}],\"inLanguage\":\"de\"},{\"@type\":\"Organization\",\"@id\":\"https:\\\/\\\/anneplanz.de\\\/wp\\\/#organization\",\"name\":\"anneplanz.de\",\"url\":\"https:\\\/\\\/anneplanz.de\\\/wp\\\/\",\"logo\":{\"@type\":\"ImageObject\",\"inLanguage\":\"de\",\"@id\":\"https:\\\/\\\/anneplanz.de\\\/wp\\\/#\\\/schema\\\/logo\\\/image\\\/\",\"url\":\"https:\\\/\\\/anneplanz.de\\\/wp\\\/wp-content\\\/uploads\\\/2024\\\/03\\\/cropped-anne-planz-logo-final.jpg\",\"contentUrl\":\"https:\\\/\\\/anneplanz.de\\\/wp\\\/wp-content\\\/uploads\\\/2024\\\/03\\\/cropped-anne-planz-logo-final.jpg\",\"width\":594,\"height\":336,\"caption\":\"anneplanz.de\"},\"image\":{\"@id\":\"https:\\\/\\\/anneplanz.de\\\/wp\\\/#\\\/schema\\\/logo\\\/image\\\/\"}},{\"@type\":\"Person\",\"@id\":\"https:\\\/\\\/anneplanz.de\\\/wp\\\/#\\\/schema\\\/person\\\/3ea67ab7c10517f2cc613fed1624c898\",\"name\":\"Anne Planz\",\"image\":{\"@type\":\"ImageObject\",\"inLanguage\":\"de\",\"@id\":\"https:\\\/\\\/secure.gravatar.com\\\/avatar\\\/ec1a468aa92b95bee9c102787d90cc7fccc62242f18a8193203aa50e8fd7e091?s=96&d=mm&r=g\",\"url\":\"https:\\\/\\\/secure.gravatar.com\\\/avatar\\\/ec1a468aa92b95bee9c102787d90cc7fccc62242f18a8193203aa50e8fd7e091?s=96&d=mm&r=g\",\"contentUrl\":\"https:\\\/\\\/secure.gravatar.com\\\/avatar\\\/ec1a468aa92b95bee9c102787d90cc7fccc62242f18a8193203aa50e8fd7e091?s=96&d=mm&r=g\",\"caption\":\"Anne Planz\"},\"url\":\"https:\\\/\\\/anneplanz.de\\\/wp\\\/author\\\/ap\\\/\"}]}<\/script>\n<!-- \/ Yoast SEO plugin. -->","yoast_head_json":{"title":"Gestationsdiabetes und depressive Symptome im Wochenbett - anneplanz.de","description":"Erfahre, was Gestationsdiabetes emotional ausl\u00f6sen kann \u2013 und wie du Schwangerschaft und Wochenbett mit mehr Ruhe, Verst\u00e4ndnis und Unterst\u00fctzung erlebst.","robots":{"index":"index","follow":"follow","max-snippet":"max-snippet:-1","max-image-preview":"max-image-preview:large","max-video-preview":"max-video-preview:-1"},"canonical":"https:\/\/anneplanz.de\/wp\/gestationsdiabetes-und-depressive-symptome-im-wochenbett\/","og_locale":"de_DE","og_type":"article","og_title":"Gestationsdiabetes und depressive Symptome im Wochenbett - anneplanz.de","og_description":"Erfahre, was Gestationsdiabetes emotional ausl\u00f6sen kann \u2013 und wie du Schwangerschaft und Wochenbett mit mehr Ruhe, Verst\u00e4ndnis und Unterst\u00fctzung erlebst.","og_url":"https:\/\/anneplanz.de\/wp\/gestationsdiabetes-und-depressive-symptome-im-wochenbett\/","og_site_name":"anneplanz.de","article_published_time":"2025-12-13T17:53:10+00:00","og_image":[{"width":900,"height":602,"url":"https:\/\/anneplanz.de\/wp\/wp-content\/uploads\/2025\/12\/gestationsdiabetes-wochenbett-fachbeitrag-anne-planz-beratung-1.jpg","type":"image\/jpeg"}],"author":"Anne Planz","twitter_card":"summary_large_image","twitter_misc":{"Verfasst von":"Anne Planz","Gesch\u00e4tzte Lesezeit":"5\u00a0Minuten"},"schema":{"@context":"https:\/\/schema.org","@graph":[{"@type":"Article","@id":"https:\/\/anneplanz.de\/wp\/gestationsdiabetes-und-depressive-symptome-im-wochenbett\/#article","isPartOf":{"@id":"https:\/\/anneplanz.de\/wp\/gestationsdiabetes-und-depressive-symptome-im-wochenbett\/"},"author":{"name":"Anne Planz","@id":"https:\/\/anneplanz.de\/wp\/#\/schema\/person\/3ea67ab7c10517f2cc613fed1624c898"},"headline":"Gestationsdiabetes und depressive Symptome im Wochenbett","datePublished":"2025-12-13T17:53:10+00:00","mainEntityOfPage":{"@id":"https:\/\/anneplanz.de\/wp\/gestationsdiabetes-und-depressive-symptome-im-wochenbett\/"},"wordCount":883,"commentCount":0,"publisher":{"@id":"https:\/\/anneplanz.de\/wp\/#organization"},"image":{"@id":"https:\/\/anneplanz.de\/wp\/gestationsdiabetes-und-depressive-symptome-im-wochenbett\/#primaryimage"},"thumbnailUrl":"https:\/\/anneplanz.de\/wp\/wp-content\/uploads\/2025\/12\/gestationsdiabetes-wochenbett-fachbeitrag-anne-planz-beratung-1.jpg","keywords":["Betreuung von Frauen mit Gestationsdiabetes","depressive Symptome im Wochenbett","GDM und Wochenbettdepression","Gestationsdiabetes und Depression","Mentale Gesundheit nach der Geburt","peripartale mentale Gesundheit","Schwangerschaftsdiabetes psychische Folgen"],"articleSection":["Fachinformationen","Wochenbettdepression"],"inLanguage":"de","potentialAction":[{"@type":"CommentAction","name":"Comment","target":["https:\/\/anneplanz.de\/wp\/gestationsdiabetes-und-depressive-symptome-im-wochenbett\/#respond"]}]},{"@type":"WebPage","@id":"https:\/\/anneplanz.de\/wp\/gestationsdiabetes-und-depressive-symptome-im-wochenbett\/","url":"https:\/\/anneplanz.de\/wp\/gestationsdiabetes-und-depressive-symptome-im-wochenbett\/","name":"Gestationsdiabetes und depressive Symptome im Wochenbett - anneplanz.de","isPartOf":{"@id":"https:\/\/anneplanz.de\/wp\/#website"},"primaryImageOfPage":{"@id":"https:\/\/anneplanz.de\/wp\/gestationsdiabetes-und-depressive-symptome-im-wochenbett\/#primaryimage"},"image":{"@id":"https:\/\/anneplanz.de\/wp\/gestationsdiabetes-und-depressive-symptome-im-wochenbett\/#primaryimage"},"thumbnailUrl":"https:\/\/anneplanz.de\/wp\/wp-content\/uploads\/2025\/12\/gestationsdiabetes-wochenbett-fachbeitrag-anne-planz-beratung-1.jpg","datePublished":"2025-12-13T17:53:10+00:00","description":"Erfahre, was Gestationsdiabetes emotional ausl\u00f6sen kann \u2013 und wie du Schwangerschaft und Wochenbett mit mehr Ruhe, Verst\u00e4ndnis und Unterst\u00fctzung erlebst.","breadcrumb":{"@id":"https:\/\/anneplanz.de\/wp\/gestationsdiabetes-und-depressive-symptome-im-wochenbett\/#breadcrumb"},"inLanguage":"de","potentialAction":[{"@type":"ReadAction","target":["https:\/\/anneplanz.de\/wp\/gestationsdiabetes-und-depressive-symptome-im-wochenbett\/"]}]},{"@type":"ImageObject","inLanguage":"de","@id":"https:\/\/anneplanz.de\/wp\/gestationsdiabetes-und-depressive-symptome-im-wochenbett\/#primaryimage","url":"https:\/\/anneplanz.de\/wp\/wp-content\/uploads\/2025\/12\/gestationsdiabetes-wochenbett-fachbeitrag-anne-planz-beratung-1.jpg","contentUrl":"https:\/\/anneplanz.de\/wp\/wp-content\/uploads\/2025\/12\/gestationsdiabetes-wochenbett-fachbeitrag-anne-planz-beratung-1.jpg","width":900,"height":602},{"@type":"BreadcrumbList","@id":"https:\/\/anneplanz.de\/wp\/gestationsdiabetes-und-depressive-symptome-im-wochenbett\/#breadcrumb","itemListElement":[{"@type":"ListItem","position":1,"name":"Startseite","item":"https:\/\/anneplanz.de\/wp\/"},{"@type":"ListItem","position":2,"name":"Gestationsdiabetes und depressive Symptome im Wochenbett"}]},{"@type":"WebSite","@id":"https:\/\/anneplanz.de\/wp\/#website","url":"https:\/\/anneplanz.de\/wp\/","name":"anneplanz.de","description":"Beratung bei traumatischer Geburt und Krisen","publisher":{"@id":"https:\/\/anneplanz.de\/wp\/#organization"},"potentialAction":[{"@type":"SearchAction","target":{"@type":"EntryPoint","urlTemplate":"https:\/\/anneplanz.de\/wp\/?s={search_term_string}"},"query-input":{"@type":"PropertyValueSpecification","valueRequired":true,"valueName":"search_term_string"}}],"inLanguage":"de"},{"@type":"Organization","@id":"https:\/\/anneplanz.de\/wp\/#organization","name":"anneplanz.de","url":"https:\/\/anneplanz.de\/wp\/","logo":{"@type":"ImageObject","inLanguage":"de","@id":"https:\/\/anneplanz.de\/wp\/#\/schema\/logo\/image\/","url":"https:\/\/anneplanz.de\/wp\/wp-content\/uploads\/2024\/03\/cropped-anne-planz-logo-final.jpg","contentUrl":"https:\/\/anneplanz.de\/wp\/wp-content\/uploads\/2024\/03\/cropped-anne-planz-logo-final.jpg","width":594,"height":336,"caption":"anneplanz.de"},"image":{"@id":"https:\/\/anneplanz.de\/wp\/#\/schema\/logo\/image\/"}},{"@type":"Person","@id":"https:\/\/anneplanz.de\/wp\/#\/schema\/person\/3ea67ab7c10517f2cc613fed1624c898","name":"Anne Planz","image":{"@type":"ImageObject","inLanguage":"de","@id":"https:\/\/secure.gravatar.com\/avatar\/ec1a468aa92b95bee9c102787d90cc7fccc62242f18a8193203aa50e8fd7e091?s=96&d=mm&r=g","url":"https:\/\/secure.gravatar.com\/avatar\/ec1a468aa92b95bee9c102787d90cc7fccc62242f18a8193203aa50e8fd7e091?s=96&d=mm&r=g","contentUrl":"https:\/\/secure.gravatar.com\/avatar\/ec1a468aa92b95bee9c102787d90cc7fccc62242f18a8193203aa50e8fd7e091?s=96&d=mm&r=g","caption":"Anne Planz"},"url":"https:\/\/anneplanz.de\/wp\/author\/ap\/"}]}},"_links":{"self":[{"href":"https:\/\/anneplanz.de\/wp\/wp-json\/wp\/v2\/posts\/3106","targetHints":{"allow":["GET"]}}],"collection":[{"href":"https:\/\/anneplanz.de\/wp\/wp-json\/wp\/v2\/posts"}],"about":[{"href":"https:\/\/anneplanz.de\/wp\/wp-json\/wp\/v2\/types\/post"}],"author":[{"embeddable":true,"href":"https:\/\/anneplanz.de\/wp\/wp-json\/wp\/v2\/users\/3"}],"replies":[{"embeddable":true,"href":"https:\/\/anneplanz.de\/wp\/wp-json\/wp\/v2\/comments?post=3106"}],"version-history":[{"count":4,"href":"https:\/\/anneplanz.de\/wp\/wp-json\/wp\/v2\/posts\/3106\/revisions"}],"predecessor-version":[{"id":3110,"href":"https:\/\/anneplanz.de\/wp\/wp-json\/wp\/v2\/posts\/3106\/revisions\/3110"}],"wp:featuredmedia":[{"embeddable":true,"href":"https:\/\/anneplanz.de\/wp\/wp-json\/wp\/v2\/media\/3102"}],"wp:attachment":[{"href":"https:\/\/anneplanz.de\/wp\/wp-json\/wp\/v2\/media?parent=3106"}],"wp:term":[{"taxonomy":"category","embeddable":true,"href":"https:\/\/anneplanz.de\/wp\/wp-json\/wp\/v2\/categories?post=3106"},{"taxonomy":"post_tag","embeddable":true,"href":"https:\/\/anneplanz.de\/wp\/wp-json\/wp\/v2\/tags?post=3106"}],"curies":[{"name":"wp","href":"https:\/\/api.w.org\/{rel}","templated":true}]}}